{"id":2688,"date":"2025-11-13T16:32:37","date_gmt":"2025-11-13T15:32:37","guid":{"rendered":"https:\/\/netwerkpalliatievezorg.info\/s-hertogenbosch-bommelerwaard\/?p=2688"},"modified":"2025-11-13T16:32:38","modified_gmt":"2025-11-13T15:32:38","slug":"opinie-ik-ben-dankbaar-voor-alle-zorg-die-ik-krijg-maar-ik-heb-er-geen-recht-op","status":"publish","type":"post","link":"https:\/\/netwerkpalliatievezorg.info\/s-hertogenbosch-bommelerwaard\/2025\/11\/13\/opinie-ik-ben-dankbaar-voor-alle-zorg-die-ik-krijg-maar-ik-heb-er-geen-recht-op\/","title":{"rendered":"Opinie: Ik ben dankbaar voor alle zorg die ik krijg, maar ik heb er geen recht op"},"content":{"rendered":"<section id=section-block-block_2470f20dc698edf1c214a5e833950aa8 class=\"section block_content\" itemscope itemtype=\"http:\/\/schema.org\/WebPageElement\" itemprop=\"hasPart\"><div class=\"container\"><div class=\"block-row blocks-in-row-1\"><div class=\"block content-block\" itemscope itemtype=\"http:\/\/schema.org\/WebPageElement\" itemprop=\"isPartOf\"><div class=\"inner-wrapper\"><div itemprop=\"text\" class=\"content-wrapper\"><h3 class=\"_12corb41 _12corb40\" data-test-id=\"article-title\" data-ats-category=\"title\">Opinie: Ik ben dankbaar voor alle zorg die ik krijg, maar ik heb er geen recht op, opiniestuk in Trouw<\/h3>\n<p class=\"oyx65y0 oyx65y1\" data-test-id=\"header-intro\" data-ats-category=\"paragraph\">De alsmaar stijgende zorgkosten, daar zit een eind aan, denkt ook Ren\u00e9e Dubois, die zelf kanker heeft. Praat met pati\u00ebnten over wat ze \u00e9cht willen, adviseert ze. Dat is beter \u00e9n goedkoper.<\/p>\n<div data-article-element-index=\"1\" data-gtm-vis-first-on-screen101907915_1577=\"5778\" data-gtm-vis-total-visible-time101907915_1577=\"500\" data-gtm-vis-has-fired101907915_1577=\"1\">\n<p class=\"z3lfzo5 z3lfzo0 _1iobnq20\" data-ats-category=\"paragraph\">Ik leef nog dankzij \u2018nieuwe pillen\u2019: medicijnen die relatief recent zijn uitgevonden. Ze kosten 75 euro per dag. Dat is een kleine 30.000 euro per jaar. Ik ben er dankbaar voor dat de samenleving dit geld overheeft voor mij. Ik krijg er geen rekening voor. Het enige dat ik betaal is mijn eigen risico. Maar wat als de prijs van die medicijnen verdubbelt? Of als ik \u2013 tegen alle verwachtingen in \u2013 over twintig jaar nog steeds leef? Wanneer bereiken we een grens?<\/p>\n<\/div>\n<p class=\"oyx65y0 oyx65y1\" data-test-id=\"header-intro\" data-ats-category=\"paragraph\">Lees<a href=\"https:\/\/www.trouw.nl\/opinie\/opinie-ik-ben-dankbaar-voor-alle-zorg-die-ik-krijg-maar-ik-heb-er-geen-recht-op~b903fd8d\/?referrer=https%3A%2F%2Fwww.google.com%2F\"> hier het hele opiniestuk<\/a><\/p>\n<p>&nbsp;<\/p>\n<\/div><\/div><\/div><\/div><\/div><\/section>","protected":false},"excerpt":{"rendered":"","protected":false},"author":7,"featured_media":2691,"comment_status":"open","ping_status":"open","sticky":false,"template":"","format":"standard","meta":{"_acf_changed":false,"footnotes":"","_wp_rev_ctl_limit":""},"categories":[13],"tags":[],"class_list":["post-2688","post","type-post","status-publish","format-standard","has-post-thumbnail","hentry","category-proactieve-zorgplanning"],"acf":[],"yoast_head":"<!-- This site is optimized with the Yoast SEO plugin v27.1.1 - https:\/\/yoast.com\/product\/yoast-seo-wordpress\/ -->\n<title>Opinie: Ik ben dankbaar voor alle zorg die ik krijg, maar ik heb er geen recht op - s-Hertogenbosch Bommelerwaard<\/title>\n<meta name=\"robots\" content=\"index, follow, max-snippet:-1, max-image-preview:large, max-video-preview:-1\" \/>\n<link rel=\"canonical\" href=\"https:\/\/netwerkpalliatievezorg.info\/s-hertogenbosch-bommelerwaard\/2025\/11\/13\/opinie-ik-ben-dankbaar-voor-alle-zorg-die-ik-krijg-maar-ik-heb-er-geen-recht-op\/\" \/>\n<meta property=\"og:locale\" content=\"nl_NL\" \/>\n<meta property=\"og:type\" content=\"article\" \/>\n<meta property=\"og:title\" content=\"Opinie: Ik ben dankbaar voor alle zorg die ik krijg, maar ik heb er geen recht op - s-Hertogenbosch Bommelerwaard\" \/>\n<meta property=\"og:url\" content=\"https:\/\/netwerkpalliatievezorg.info\/s-hertogenbosch-bommelerwaard\/2025\/11\/13\/opinie-ik-ben-dankbaar-voor-alle-zorg-die-ik-krijg-maar-ik-heb-er-geen-recht-op\/\" \/>\n<meta property=\"og:site_name\" content=\"s-Hertogenbosch Bommelerwaard\" \/>\n<meta property=\"article:published_time\" content=\"2025-11-13T15:32:37+00:00\" \/>\n<meta property=\"article:modified_time\" content=\"2025-11-13T15:32:38+00:00\" \/>\n<meta name=\"author\" content=\"beleidsmedewerker\" \/>\n<meta name=\"twitter:card\" content=\"summary_large_image\" \/>\n<meta name=\"twitter:label1\" content=\"Geschreven door\" \/>\n\t<meta name=\"twitter:data1\" content=\"beleidsmedewerker\" \/>\n\t<meta name=\"twitter:label2\" content=\"Geschatte leestijd\" \/>\n\t<meta name=\"twitter:data2\" content=\"1 minuut\" \/>\n<script type=\"application\/ld+json\" class=\"yoast-schema-graph\">{\"@context\":\"https:\/\/schema.org\",\"@graph\":[{\"@type\":\"Article\",\"@id\":\"https:\/\/netwerkpalliatievezorg.info\/s-hertogenbosch-bommelerwaard\/2025\/11\/13\/opinie-ik-ben-dankbaar-voor-alle-zorg-die-ik-krijg-maar-ik-heb-er-geen-recht-op\/#article\",\"isPartOf\":{\"@id\":\"https:\/\/netwerkpalliatievezorg.info\/s-hertogenbosch-bommelerwaard\/2025\/11\/13\/opinie-ik-ben-dankbaar-voor-alle-zorg-die-ik-krijg-maar-ik-heb-er-geen-recht-op\/\"},\"author\":{\"name\":\"beleidsmedewerker\",\"@id\":\"https:\/\/netwerkpalliatievezorg.info\/s-hertogenbosch-bommelerwaard\/#\/schema\/person\/782218f1a4751dc6abb95ce3e893c79f\"},\"headline\":\"Opinie: Ik ben dankbaar voor alle zorg die ik krijg, maar ik heb er geen recht op\",\"datePublished\":\"2025-11-13T15:32:37+00:00\",\"dateModified\":\"2025-11-13T15:32:38+00:00\",\"mainEntityOfPage\":{\"@id\":\"https:\/\/netwerkpalliatievezorg.info\/s-hertogenbosch-bommelerwaard\/2025\/11\/13\/opinie-ik-ben-dankbaar-voor-alle-zorg-die-ik-krijg-maar-ik-heb-er-geen-recht-op\/\"},\"wordCount\":17,\"commentCount\":0,\"image\":{\"@id\":\"https:\/\/netwerkpalliatievezorg.info\/s-hertogenbosch-bommelerwaard\/2025\/11\/13\/opinie-ik-ben-dankbaar-voor-alle-zorg-die-ik-krijg-maar-ik-heb-er-geen-recht-op\/#primaryimage\"},\"thumbnailUrl\":\"https:\/\/netwerkpalliatievezorg.info\/s-hertogenbosch-bommelerwaard\/wp-content\/uploads\/sites\/3\/2025\/11\/afbeelding.avif\",\"articleSection\":[\"Proactieve zorgplanning\"],\"inLanguage\":\"nl-NL\",\"potentialAction\":[{\"@type\":\"CommentAction\",\"name\":\"Comment\",\"target\":[\"https:\/\/netwerkpalliatievezorg.info\/s-hertogenbosch-bommelerwaard\/2025\/11\/13\/opinie-ik-ben-dankbaar-voor-alle-zorg-die-ik-krijg-maar-ik-heb-er-geen-recht-op\/#respond\"]}]},{\"@type\":\"WebPage\",\"@id\":\"https:\/\/netwerkpalliatievezorg.info\/s-hertogenbosch-bommelerwaard\/2025\/11\/13\/opinie-ik-ben-dankbaar-voor-alle-zorg-die-ik-krijg-maar-ik-heb-er-geen-recht-op\/\",\"url\":\"https:\/\/netwerkpalliatievezorg.info\/s-hertogenbosch-bommelerwaard\/2025\/11\/13\/opinie-ik-ben-dankbaar-voor-alle-zorg-die-ik-krijg-maar-ik-heb-er-geen-recht-op\/\",\"name\":\"Opinie: Ik ben dankbaar voor alle zorg die ik krijg, maar ik heb er geen recht op - s-Hertogenbosch Bommelerwaard\",\"isPartOf\":{\"@id\":\"https:\/\/netwerkpalliatievezorg.info\/s-hertogenbosch-bommelerwaard\/#website\"},\"primaryImageOfPage\":{\"@id\":\"https:\/\/netwerkpalliatievezorg.info\/s-hertogenbosch-bommelerwaard\/2025\/11\/13\/opinie-ik-ben-dankbaar-voor-alle-zorg-die-ik-krijg-maar-ik-heb-er-geen-recht-op\/#primaryimage\"},\"image\":{\"@id\":\"https:\/\/netwerkpalliatievezorg.info\/s-hertogenbosch-bommelerwaard\/2025\/11\/13\/opinie-ik-ben-dankbaar-voor-alle-zorg-die-ik-krijg-maar-ik-heb-er-geen-recht-op\/#primaryimage\"},\"thumbnailUrl\":\"https:\/\/netwerkpalliatievezorg.info\/s-hertogenbosch-bommelerwaard\/wp-content\/uploads\/sites\/3\/2025\/11\/afbeelding.avif\",\"datePublished\":\"2025-11-13T15:32:37+00:00\",\"dateModified\":\"2025-11-13T15:32:38+00:00\",\"author\":{\"@id\":\"https:\/\/netwerkpalliatievezorg.info\/s-hertogenbosch-bommelerwaard\/#\/schema\/person\/782218f1a4751dc6abb95ce3e893c79f\"},\"breadcrumb\":{\"@id\":\"https:\/\/netwerkpalliatievezorg.info\/s-hertogenbosch-bommelerwaard\/2025\/11\/13\/opinie-ik-ben-dankbaar-voor-alle-zorg-die-ik-krijg-maar-ik-heb-er-geen-recht-op\/#breadcrumb\"},\"inLanguage\":\"nl-NL\",\"potentialAction\":[{\"@type\":\"ReadAction\",\"target\":[\"https:\/\/netwerkpalliatievezorg.info\/s-hertogenbosch-bommelerwaard\/2025\/11\/13\/opinie-ik-ben-dankbaar-voor-alle-zorg-die-ik-krijg-maar-ik-heb-er-geen-recht-op\/\"]}]},{\"@type\":\"ImageObject\",\"inLanguage\":\"nl-NL\",\"@id\":\"https:\/\/netwerkpalliatievezorg.info\/s-hertogenbosch-bommelerwaard\/2025\/11\/13\/opinie-ik-ben-dankbaar-voor-alle-zorg-die-ik-krijg-maar-ik-heb-er-geen-recht-op\/#primaryimage\",\"url\":\"https:\/\/netwerkpalliatievezorg.info\/s-hertogenbosch-bommelerwaard\/wp-content\/uploads\/sites\/3\/2025\/11\/afbeelding.avif\",\"contentUrl\":\"https:\/\/netwerkpalliatievezorg.info\/s-hertogenbosch-bommelerwaard\/wp-content\/uploads\/sites\/3\/2025\/11\/afbeelding.avif\",\"width\":1280,\"height\":720},{\"@type\":\"BreadcrumbList\",\"@id\":\"https:\/\/netwerkpalliatievezorg.info\/s-hertogenbosch-bommelerwaard\/2025\/11\/13\/opinie-ik-ben-dankbaar-voor-alle-zorg-die-ik-krijg-maar-ik-heb-er-geen-recht-op\/#breadcrumb\",\"itemListElement\":[{\"@type\":\"ListItem\",\"position\":1,\"name\":\"Home\",\"item\":\"https:\/\/netwerkpalliatievezorg.info\/s-hertogenbosch-bommelerwaard\/\"},{\"@type\":\"ListItem\",\"position\":2,\"name\":\"Opinie: Ik ben dankbaar voor alle zorg die ik krijg, maar ik heb er geen recht op\"}]},{\"@type\":\"WebSite\",\"@id\":\"https:\/\/netwerkpalliatievezorg.info\/s-hertogenbosch-bommelerwaard\/#website\",\"url\":\"https:\/\/netwerkpalliatievezorg.info\/s-hertogenbosch-bommelerwaard\/\",\"name\":\"s-Hertogenbosch Bommelerwaard\",\"description\":\"Een andere Netwerk Palliatieve Zorg sites site\",\"potentialAction\":[{\"@type\":\"SearchAction\",\"target\":{\"@type\":\"EntryPoint\",\"urlTemplate\":\"https:\/\/netwerkpalliatievezorg.info\/s-hertogenbosch-bommelerwaard\/?s={search_term_string}\"},\"query-input\":{\"@type\":\"PropertyValueSpecification\",\"valueRequired\":true,\"valueName\":\"search_term_string\"}}],\"inLanguage\":\"nl-NL\"},{\"@type\":\"Person\",\"@id\":\"https:\/\/netwerkpalliatievezorg.info\/s-hertogenbosch-bommelerwaard\/#\/schema\/person\/782218f1a4751dc6abb95ce3e893c79f\",\"name\":\"beleidsmedewerker\",\"image\":{\"@type\":\"ImageObject\",\"inLanguage\":\"nl-NL\",\"@id\":\"https:\/\/netwerkpalliatievezorg.info\/s-hertogenbosch-bommelerwaard\/#\/schema\/person\/image\/\",\"url\":\"https:\/\/secure.gravatar.com\/avatar\/466158aa8e12522070d784517b57b854253f18f7a9353498c65649bd65fcbf70?s=96&d=mm&r=g\",\"contentUrl\":\"https:\/\/secure.gravatar.com\/avatar\/466158aa8e12522070d784517b57b854253f18f7a9353498c65649bd65fcbf70?s=96&d=mm&r=g\",\"caption\":\"beleidsmedewerker\"},\"url\":\"https:\/\/netwerkpalliatievezorg.info\/s-hertogenbosch-bommelerwaard\/author\/beleidsmedewerker\/\"}]}<\/script>\n<!-- \/ Yoast SEO plugin. -->","yoast_head_json":{"title":"Opinie: Ik ben dankbaar voor alle zorg die ik krijg, maar ik heb er geen recht op - s-Hertogenbosch Bommelerwaard","robots":{"index":"index","follow":"follow","max-snippet":"max-snippet:-1","max-image-preview":"max-image-preview:large","max-video-preview":"max-video-preview:-1"},"canonical":"https:\/\/netwerkpalliatievezorg.info\/s-hertogenbosch-bommelerwaard\/2025\/11\/13\/opinie-ik-ben-dankbaar-voor-alle-zorg-die-ik-krijg-maar-ik-heb-er-geen-recht-op\/","og_locale":"nl_NL","og_type":"article","og_title":"Opinie: Ik ben dankbaar voor alle zorg die ik krijg, maar ik heb er geen recht op - s-Hertogenbosch Bommelerwaard","og_url":"https:\/\/netwerkpalliatievezorg.info\/s-hertogenbosch-bommelerwaard\/2025\/11\/13\/opinie-ik-ben-dankbaar-voor-alle-zorg-die-ik-krijg-maar-ik-heb-er-geen-recht-op\/","og_site_name":"s-Hertogenbosch Bommelerwaard","article_published_time":"2025-11-13T15:32:37+00:00","article_modified_time":"2025-11-13T15:32:38+00:00","author":"beleidsmedewerker","twitter_card":"summary_large_image","twitter_misc":{"Geschreven door":"beleidsmedewerker","Geschatte leestijd":"1 minuut"},"schema":{"@context":"https:\/\/schema.org","@graph":[{"@type":"Article","@id":"https:\/\/netwerkpalliatievezorg.info\/s-hertogenbosch-bommelerwaard\/2025\/11\/13\/opinie-ik-ben-dankbaar-voor-alle-zorg-die-ik-krijg-maar-ik-heb-er-geen-recht-op\/#article","isPartOf":{"@id":"https:\/\/netwerkpalliatievezorg.info\/s-hertogenbosch-bommelerwaard\/2025\/11\/13\/opinie-ik-ben-dankbaar-voor-alle-zorg-die-ik-krijg-maar-ik-heb-er-geen-recht-op\/"},"author":{"name":"beleidsmedewerker","@id":"https:\/\/netwerkpalliatievezorg.info\/s-hertogenbosch-bommelerwaard\/#\/schema\/person\/782218f1a4751dc6abb95ce3e893c79f"},"headline":"Opinie: Ik ben dankbaar voor alle zorg die ik krijg, maar ik heb er geen recht op","datePublished":"2025-11-13T15:32:37+00:00","dateModified":"2025-11-13T15:32:38+00:00","mainEntityOfPage":{"@id":"https:\/\/netwerkpalliatievezorg.info\/s-hertogenbosch-bommelerwaard\/2025\/11\/13\/opinie-ik-ben-dankbaar-voor-alle-zorg-die-ik-krijg-maar-ik-heb-er-geen-recht-op\/"},"wordCount":17,"commentCount":0,"image":{"@id":"https:\/\/netwerkpalliatievezorg.info\/s-hertogenbosch-bommelerwaard\/2025\/11\/13\/opinie-ik-ben-dankbaar-voor-alle-zorg-die-ik-krijg-maar-ik-heb-er-geen-recht-op\/#primaryimage"},"thumbnailUrl":"https:\/\/netwerkpalliatievezorg.info\/s-hertogenbosch-bommelerwaard\/wp-content\/uploads\/sites\/3\/2025\/11\/afbeelding.avif","articleSection":["Proactieve zorgplanning"],"inLanguage":"nl-NL","potentialAction":[{"@type":"CommentAction","name":"Comment","target":["https:\/\/netwerkpalliatievezorg.info\/s-hertogenbosch-bommelerwaard\/2025\/11\/13\/opinie-ik-ben-dankbaar-voor-alle-zorg-die-ik-krijg-maar-ik-heb-er-geen-recht-op\/#respond"]}]},{"@type":"WebPage","@id":"https:\/\/netwerkpalliatievezorg.info\/s-hertogenbosch-bommelerwaard\/2025\/11\/13\/opinie-ik-ben-dankbaar-voor-alle-zorg-die-ik-krijg-maar-ik-heb-er-geen-recht-op\/","url":"https:\/\/netwerkpalliatievezorg.info\/s-hertogenbosch-bommelerwaard\/2025\/11\/13\/opinie-ik-ben-dankbaar-voor-alle-zorg-die-ik-krijg-maar-ik-heb-er-geen-recht-op\/","name":"Opinie: Ik ben dankbaar voor alle zorg die ik krijg, maar ik heb er geen recht op - s-Hertogenbosch Bommelerwaard","isPartOf":{"@id":"https:\/\/netwerkpalliatievezorg.info\/s-hertogenbosch-bommelerwaard\/#website"},"primaryImageOfPage":{"@id":"https:\/\/netwerkpalliatievezorg.info\/s-hertogenbosch-bommelerwaard\/2025\/11\/13\/opinie-ik-ben-dankbaar-voor-alle-zorg-die-ik-krijg-maar-ik-heb-er-geen-recht-op\/#primaryimage"},"image":{"@id":"https:\/\/netwerkpalliatievezorg.info\/s-hertogenbosch-bommelerwaard\/2025\/11\/13\/opinie-ik-ben-dankbaar-voor-alle-zorg-die-ik-krijg-maar-ik-heb-er-geen-recht-op\/#primaryimage"},"thumbnailUrl":"https:\/\/netwerkpalliatievezorg.info\/s-hertogenbosch-bommelerwaard\/wp-content\/uploads\/sites\/3\/2025\/11\/afbeelding.avif","datePublished":"2025-11-13T15:32:37+00:00","dateModified":"2025-11-13T15:32:38+00:00","author":{"@id":"https:\/\/netwerkpalliatievezorg.info\/s-hertogenbosch-bommelerwaard\/#\/schema\/person\/782218f1a4751dc6abb95ce3e893c79f"},"breadcrumb":{"@id":"https:\/\/netwerkpalliatievezorg.info\/s-hertogenbosch-bommelerwaard\/2025\/11\/13\/opinie-ik-ben-dankbaar-voor-alle-zorg-die-ik-krijg-maar-ik-heb-er-geen-recht-op\/#breadcrumb"},"inLanguage":"nl-NL","potentialAction":[{"@type":"ReadAction","target":["https:\/\/netwerkpalliatievezorg.info\/s-hertogenbosch-bommelerwaard\/2025\/11\/13\/opinie-ik-ben-dankbaar-voor-alle-zorg-die-ik-krijg-maar-ik-heb-er-geen-recht-op\/"]}]},{"@type":"ImageObject","inLanguage":"nl-NL","@id":"https:\/\/netwerkpalliatievezorg.info\/s-hertogenbosch-bommelerwaard\/2025\/11\/13\/opinie-ik-ben-dankbaar-voor-alle-zorg-die-ik-krijg-maar-ik-heb-er-geen-recht-op\/#primaryimage","url":"https:\/\/netwerkpalliatievezorg.info\/s-hertogenbosch-bommelerwaard\/wp-content\/uploads\/sites\/3\/2025\/11\/afbeelding.avif","contentUrl":"https:\/\/netwerkpalliatievezorg.info\/s-hertogenbosch-bommelerwaard\/wp-content\/uploads\/sites\/3\/2025\/11\/afbeelding.avif","width":1280,"height":720},{"@type":"BreadcrumbList","@id":"https:\/\/netwerkpalliatievezorg.info\/s-hertogenbosch-bommelerwaard\/2025\/11\/13\/opinie-ik-ben-dankbaar-voor-alle-zorg-die-ik-krijg-maar-ik-heb-er-geen-recht-op\/#breadcrumb","itemListElement":[{"@type":"ListItem","position":1,"name":"Home","item":"https:\/\/netwerkpalliatievezorg.info\/s-hertogenbosch-bommelerwaard\/"},{"@type":"ListItem","position":2,"name":"Opinie: Ik ben dankbaar voor alle zorg die ik krijg, maar ik heb er geen recht op"}]},{"@type":"WebSite","@id":"https:\/\/netwerkpalliatievezorg.info\/s-hertogenbosch-bommelerwaard\/#website","url":"https:\/\/netwerkpalliatievezorg.info\/s-hertogenbosch-bommelerwaard\/","name":"s-Hertogenbosch Bommelerwaard","description":"Een andere Netwerk Palliatieve Zorg sites site","potentialAction":[{"@type":"SearchAction","target":{"@type":"EntryPoint","urlTemplate":"https:\/\/netwerkpalliatievezorg.info\/s-hertogenbosch-bommelerwaard\/?s={search_term_string}"},"query-input":{"@type":"PropertyValueSpecification","valueRequired":true,"valueName":"search_term_string"}}],"inLanguage":"nl-NL"},{"@type":"Person","@id":"https:\/\/netwerkpalliatievezorg.info\/s-hertogenbosch-bommelerwaard\/#\/schema\/person\/782218f1a4751dc6abb95ce3e893c79f","name":"beleidsmedewerker","image":{"@type":"ImageObject","inLanguage":"nl-NL","@id":"https:\/\/netwerkpalliatievezorg.info\/s-hertogenbosch-bommelerwaard\/#\/schema\/person\/image\/","url":"https:\/\/secure.gravatar.com\/avatar\/466158aa8e12522070d784517b57b854253f18f7a9353498c65649bd65fcbf70?s=96&d=mm&r=g","contentUrl":"https:\/\/secure.gravatar.com\/avatar\/466158aa8e12522070d784517b57b854253f18f7a9353498c65649bd65fcbf70?s=96&d=mm&r=g","caption":"beleidsmedewerker"},"url":"https:\/\/netwerkpalliatievezorg.info\/s-hertogenbosch-bommelerwaard\/author\/beleidsmedewerker\/"}]}},"_links":{"self":[{"href":"https:\/\/netwerkpalliatievezorg.info\/s-hertogenbosch-bommelerwaard\/wp-json\/wp\/v2\/posts\/2688","targetHints":{"allow":["GET"]}}],"collection":[{"href":"https:\/\/netwerkpalliatievezorg.info\/s-hertogenbosch-bommelerwaard\/wp-json\/wp\/v2\/posts"}],"about":[{"href":"https:\/\/netwerkpalliatievezorg.info\/s-hertogenbosch-bommelerwaard\/wp-json\/wp\/v2\/types\/post"}],"author":[{"embeddable":true,"href":"https:\/\/netwerkpalliatievezorg.info\/s-hertogenbosch-bommelerwaard\/wp-json\/wp\/v2\/users\/7"}],"replies":[{"embeddable":true,"href":"https:\/\/netwerkpalliatievezorg.info\/s-hertogenbosch-bommelerwaard\/wp-json\/wp\/v2\/comments?post=2688"}],"version-history":[{"count":2,"href":"https:\/\/netwerkpalliatievezorg.info\/s-hertogenbosch-bommelerwaard\/wp-json\/wp\/v2\/posts\/2688\/revisions"}],"predecessor-version":[{"id":2690,"href":"https:\/\/netwerkpalliatievezorg.info\/s-hertogenbosch-bommelerwaard\/wp-json\/wp\/v2\/posts\/2688\/revisions\/2690"}],"wp:featuredmedia":[{"embeddable":true,"href":"https:\/\/netwerkpalliatievezorg.info\/s-hertogenbosch-bommelerwaard\/wp-json\/wp\/v2\/media\/2691"}],"wp:attachment":[{"href":"https:\/\/netwerkpalliatievezorg.info\/s-hertogenbosch-bommelerwaard\/wp-json\/wp\/v2\/media?parent=2688"}],"wp:term":[{"taxonomy":"category","embeddable":true,"href":"https:\/\/netwerkpalliatievezorg.info\/s-hertogenbosch-bommelerwaard\/wp-json\/wp\/v2\/categories?post=2688"},{"taxonomy":"post_tag","embeddable":true,"href":"https:\/\/netwerkpalliatievezorg.info\/s-hertogenbosch-bommelerwaard\/wp-json\/wp\/v2\/tags?post=2688"}],"curies":[{"name":"wp","href":"https:\/\/api.w.org\/{rel}","templated":true}]}}