{"id":2496,"date":"2025-06-03T16:32:45","date_gmt":"2025-06-03T14:32:45","guid":{"rendered":"https:\/\/netwerkpalliatievezorg.info\/oss-meierijstad-maashorst\/?p=2496"},"modified":"2025-06-03T16:37:26","modified_gmt":"2025-06-03T14:37:26","slug":"deel-behandelwensen-in-laatste-levensfase-beter","status":"publish","type":"post","link":"https:\/\/netwerkpalliatievezorg.info\/oss-meierijstad-maashorst\/2025\/06\/03\/deel-behandelwensen-in-laatste-levensfase-beter\/","title":{"rendered":"Resultaten van onderzoek naar informatiebehoefte over palliatieve zorg of laatste levensfase"},"content":{"rendered":"<section id=section-block-block_89dddda8a331946e6c7d18f921f44ff1 class=\"section block_content\" itemscope itemtype=\"http:\/\/schema.org\/WebPageElement\" itemprop=\"hasPart\"><div class=\"container\"><div class=\"block-row blocks-in-row-1\"><div class=\"block content-block\" itemscope itemtype=\"http:\/\/schema.org\/WebPageElement\" itemprop=\"isPartOf\"><div class=\"inner-wrapper\"><div itemprop=\"text\" class=\"content-wrapper\"><p>n de laatste levensfase is het cruciaal dat zorgverleners weten wat een pati\u00ebnt nog wel en niet wil. Pati\u00ebnten willen ook dat zorgverleners hiervan op de hoogte zijn. Maar toch blijkt uit onderzoek van Pati\u00ebntenfederatie Nederland en Stichting Palliatieve Zorg Nederland (PZNL) dat deze en andere informatie volgens pati\u00ebnten regelmatig niet goed tussen zorgverleners wordt gedeeld.<\/p>\n<p>Het onderzoek naar informatiebehoefte rondom palliatieve zorg en het levenseinde werd uitgevoerd onder ruim 7.400 deelnemers. Een groot deel van de deelnemers heeft een ernstige aandoening, is 70+ of is een naaste van iemand die tot (een van) deze groepen behoort.<\/p>\n<p>8 op de 10 deelnemers vinden dat alle betrokken zorgverleners toegang moeten hebben tot hun medische gegevens en behandelwensen, zoals een niet-reanimerenverklaring of de wens om niet meer naar het ziekenhuis te worden gebracht. In de praktijk ervaart echter slechts 40% van de deelnemers dat zorgverleners deze en andere medische informatie daadwerkelijk goed met elkaar delen.<\/p>\n<p>Lees hier het volledige onderzoek <a href=\"https:\/\/d2v51f1et2g9vq.cloudfront.net\/production\/PDFs\/rapporten\/Definitief-rapport-informatiebehoefte-palliatieve-zorg-of-laatste-levensfase-2024.pdf\"> Definitief rapportage Informatiebehoefte palliatieve zorg of laatste levensfase 2024<\/a><\/p>\n<p>&nbsp;<\/p>\n<\/div><\/div><\/div><\/div><\/div><\/section>","protected":false},"excerpt":{"rendered":"","protected":false},"author":7,"featured_media":2499,"comment_status":"open","ping_status":"open","sticky":false,"template":"","format":"standard","meta":{"_acf_changed":false,"footnotes":"","_wp_rev_ctl_limit":""},"categories":[18],"tags":[],"class_list":["post-2496","post","type-post","status-publish","format-standard","has-post-thumbnail","hentry","category-onderzoek"],"acf":[],"yoast_head":"<!-- This site is optimized with the Yoast SEO plugin v27.1.1 - https:\/\/yoast.com\/product\/yoast-seo-wordpress\/ -->\n<title>Resultaten van onderzoek naar informatiebehoefte over palliatieve zorg of laatste levensfase - Oss Meierijstad Maashorst<\/title>\n<meta name=\"robots\" content=\"index, follow, max-snippet:-1, max-image-preview:large, max-video-preview:-1\" \/>\n<link rel=\"canonical\" href=\"https:\/\/netwerkpalliatievezorg.info\/oss-meierijstad-maashorst\/2025\/06\/03\/deel-behandelwensen-in-laatste-levensfase-beter\/\" \/>\n<meta property=\"og:locale\" content=\"nl_NL\" \/>\n<meta property=\"og:type\" content=\"article\" \/>\n<meta property=\"og:title\" content=\"Resultaten van onderzoek naar informatiebehoefte over palliatieve zorg of laatste levensfase - Oss Meierijstad Maashorst\" \/>\n<meta property=\"og:url\" content=\"https:\/\/netwerkpalliatievezorg.info\/oss-meierijstad-maashorst\/2025\/06\/03\/deel-behandelwensen-in-laatste-levensfase-beter\/\" \/>\n<meta property=\"og:site_name\" content=\"Oss Meierijstad Maashorst\" \/>\n<meta property=\"article:published_time\" content=\"2025-06-03T14:32:45+00:00\" \/>\n<meta property=\"article:modified_time\" content=\"2025-06-03T14:37:26+00:00\" \/>\n<meta property=\"og:image\" content=\"https:\/\/netwerkpalliatievezorg.info\/oss-meierijstad-maashorst\/wp-content\/uploads\/sites\/2\/2025\/06\/Levenseinde-Pim-Geerts.webp\" \/>\n\t<meta property=\"og:image:width\" content=\"800\" \/>\n\t<meta property=\"og:image:height\" content=\"533\" \/>\n\t<meta property=\"og:image:type\" content=\"image\/webp\" \/>\n<meta name=\"author\" content=\"beleidsmedewerker\" \/>\n<meta name=\"twitter:card\" content=\"summary_large_image\" \/>\n<meta name=\"twitter:label1\" content=\"Geschreven door\" \/>\n\t<meta name=\"twitter:data1\" content=\"beleidsmedewerker\" \/>\n\t<meta name=\"twitter:label2\" content=\"Geschatte leestijd\" \/>\n\t<meta name=\"twitter:data2\" content=\"2 minuten\" \/>\n<script type=\"application\/ld+json\" class=\"yoast-schema-graph\">{\"@context\":\"https:\/\/schema.org\",\"@graph\":[{\"@type\":\"Article\",\"@id\":\"https:\/\/netwerkpalliatievezorg.info\/oss-meierijstad-maashorst\/2025\/06\/03\/deel-behandelwensen-in-laatste-levensfase-beter\/#article\",\"isPartOf\":{\"@id\":\"https:\/\/netwerkpalliatievezorg.info\/oss-meierijstad-maashorst\/2025\/06\/03\/deel-behandelwensen-in-laatste-levensfase-beter\/\"},\"author\":{\"name\":\"beleidsmedewerker\",\"@id\":\"https:\/\/netwerkpalliatievezorg.info\/oss-meierijstad-maashorst\/#\/schema\/person\/782218f1a4751dc6abb95ce3e893c79f\"},\"headline\":\"Resultaten van onderzoek naar informatiebehoefte over palliatieve zorg of laatste levensfase\",\"datePublished\":\"2025-06-03T14:32:45+00:00\",\"dateModified\":\"2025-06-03T14:37:26+00:00\",\"mainEntityOfPage\":{\"@id\":\"https:\/\/netwerkpalliatievezorg.info\/oss-meierijstad-maashorst\/2025\/06\/03\/deel-behandelwensen-in-laatste-levensfase-beter\/\"},\"wordCount\":11,\"commentCount\":0,\"image\":{\"@id\":\"https:\/\/netwerkpalliatievezorg.info\/oss-meierijstad-maashorst\/2025\/06\/03\/deel-behandelwensen-in-laatste-levensfase-beter\/#primaryimage\"},\"thumbnailUrl\":\"https:\/\/netwerkpalliatievezorg.info\/oss-meierijstad-maashorst\/wp-content\/uploads\/sites\/2\/2025\/06\/Levenseinde-Pim-Geerts.webp\",\"articleSection\":[\"Onderzoek\"],\"inLanguage\":\"nl-NL\",\"potentialAction\":[{\"@type\":\"CommentAction\",\"name\":\"Comment\",\"target\":[\"https:\/\/netwerkpalliatievezorg.info\/oss-meierijstad-maashorst\/2025\/06\/03\/deel-behandelwensen-in-laatste-levensfase-beter\/#respond\"]}]},{\"@type\":\"WebPage\",\"@id\":\"https:\/\/netwerkpalliatievezorg.info\/oss-meierijstad-maashorst\/2025\/06\/03\/deel-behandelwensen-in-laatste-levensfase-beter\/\",\"url\":\"https:\/\/netwerkpalliatievezorg.info\/oss-meierijstad-maashorst\/2025\/06\/03\/deel-behandelwensen-in-laatste-levensfase-beter\/\",\"name\":\"Resultaten van onderzoek naar informatiebehoefte over palliatieve zorg of laatste levensfase - Oss Meierijstad Maashorst\",\"isPartOf\":{\"@id\":\"https:\/\/netwerkpalliatievezorg.info\/oss-meierijstad-maashorst\/#website\"},\"primaryImageOfPage\":{\"@id\":\"https:\/\/netwerkpalliatievezorg.info\/oss-meierijstad-maashorst\/2025\/06\/03\/deel-behandelwensen-in-laatste-levensfase-beter\/#primaryimage\"},\"image\":{\"@id\":\"https:\/\/netwerkpalliatievezorg.info\/oss-meierijstad-maashorst\/2025\/06\/03\/deel-behandelwensen-in-laatste-levensfase-beter\/#primaryimage\"},\"thumbnailUrl\":\"https:\/\/netwerkpalliatievezorg.info\/oss-meierijstad-maashorst\/wp-content\/uploads\/sites\/2\/2025\/06\/Levenseinde-Pim-Geerts.webp\",\"datePublished\":\"2025-06-03T14:32:45+00:00\",\"dateModified\":\"2025-06-03T14:37:26+00:00\",\"author\":{\"@id\":\"https:\/\/netwerkpalliatievezorg.info\/oss-meierijstad-maashorst\/#\/schema\/person\/782218f1a4751dc6abb95ce3e893c79f\"},\"breadcrumb\":{\"@id\":\"https:\/\/netwerkpalliatievezorg.info\/oss-meierijstad-maashorst\/2025\/06\/03\/deel-behandelwensen-in-laatste-levensfase-beter\/#breadcrumb\"},\"inLanguage\":\"nl-NL\",\"potentialAction\":[{\"@type\":\"ReadAction\",\"target\":[\"https:\/\/netwerkpalliatievezorg.info\/oss-meierijstad-maashorst\/2025\/06\/03\/deel-behandelwensen-in-laatste-levensfase-beter\/\"]}]},{\"@type\":\"ImageObject\",\"inLanguage\":\"nl-NL\",\"@id\":\"https:\/\/netwerkpalliatievezorg.info\/oss-meierijstad-maashorst\/2025\/06\/03\/deel-behandelwensen-in-laatste-levensfase-beter\/#primaryimage\",\"url\":\"https:\/\/netwerkpalliatievezorg.info\/oss-meierijstad-maashorst\/wp-content\/uploads\/sites\/2\/2025\/06\/Levenseinde-Pim-Geerts.webp\",\"contentUrl\":\"https:\/\/netwerkpalliatievezorg.info\/oss-meierijstad-maashorst\/wp-content\/uploads\/sites\/2\/2025\/06\/Levenseinde-Pim-Geerts.webp\",\"width\":800,\"height\":533},{\"@type\":\"BreadcrumbList\",\"@id\":\"https:\/\/netwerkpalliatievezorg.info\/oss-meierijstad-maashorst\/2025\/06\/03\/deel-behandelwensen-in-laatste-levensfase-beter\/#breadcrumb\",\"itemListElement\":[{\"@type\":\"ListItem\",\"position\":1,\"name\":\"Home\",\"item\":\"https:\/\/netwerkpalliatievezorg.info\/oss-meierijstad-maashorst\/\"},{\"@type\":\"ListItem\",\"position\":2,\"name\":\"Resultaten van onderzoek naar informatiebehoefte over palliatieve zorg of laatste levensfase\"}]},{\"@type\":\"WebSite\",\"@id\":\"https:\/\/netwerkpalliatievezorg.info\/oss-meierijstad-maashorst\/#website\",\"url\":\"https:\/\/netwerkpalliatievezorg.info\/oss-meierijstad-maashorst\/\",\"name\":\"Oss Meierijstad Maashorst\",\"description\":\"Een andere Netwerk Palliatieve Zorg sites site\",\"potentialAction\":[{\"@type\":\"SearchAction\",\"target\":{\"@type\":\"EntryPoint\",\"urlTemplate\":\"https:\/\/netwerkpalliatievezorg.info\/oss-meierijstad-maashorst\/?s={search_term_string}\"},\"query-input\":{\"@type\":\"PropertyValueSpecification\",\"valueRequired\":true,\"valueName\":\"search_term_string\"}}],\"inLanguage\":\"nl-NL\"},{\"@type\":\"Person\",\"@id\":\"https:\/\/netwerkpalliatievezorg.info\/oss-meierijstad-maashorst\/#\/schema\/person\/782218f1a4751dc6abb95ce3e893c79f\",\"name\":\"beleidsmedewerker\",\"image\":{\"@type\":\"ImageObject\",\"inLanguage\":\"nl-NL\",\"@id\":\"https:\/\/netwerkpalliatievezorg.info\/oss-meierijstad-maashorst\/#\/schema\/person\/image\/\",\"url\":\"https:\/\/secure.gravatar.com\/avatar\/466158aa8e12522070d784517b57b854253f18f7a9353498c65649bd65fcbf70?s=96&d=mm&r=g\",\"contentUrl\":\"https:\/\/secure.gravatar.com\/avatar\/466158aa8e12522070d784517b57b854253f18f7a9353498c65649bd65fcbf70?s=96&d=mm&r=g\",\"caption\":\"beleidsmedewerker\"},\"url\":\"https:\/\/netwerkpalliatievezorg.info\/oss-meierijstad-maashorst\/author\/beleidsmedewerker\/\"}]}<\/script>\n<!-- \/ Yoast SEO plugin. -->","yoast_head_json":{"title":"Resultaten van onderzoek naar informatiebehoefte over palliatieve zorg of laatste levensfase - Oss Meierijstad Maashorst","robots":{"index":"index","follow":"follow","max-snippet":"max-snippet:-1","max-image-preview":"max-image-preview:large","max-video-preview":"max-video-preview:-1"},"canonical":"https:\/\/netwerkpalliatievezorg.info\/oss-meierijstad-maashorst\/2025\/06\/03\/deel-behandelwensen-in-laatste-levensfase-beter\/","og_locale":"nl_NL","og_type":"article","og_title":"Resultaten van onderzoek naar informatiebehoefte over palliatieve zorg of laatste levensfase - Oss Meierijstad Maashorst","og_url":"https:\/\/netwerkpalliatievezorg.info\/oss-meierijstad-maashorst\/2025\/06\/03\/deel-behandelwensen-in-laatste-levensfase-beter\/","og_site_name":"Oss Meierijstad Maashorst","article_published_time":"2025-06-03T14:32:45+00:00","article_modified_time":"2025-06-03T14:37:26+00:00","og_image":[{"width":800,"height":533,"url":"https:\/\/netwerkpalliatievezorg.info\/oss-meierijstad-maashorst\/wp-content\/uploads\/sites\/2\/2025\/06\/Levenseinde-Pim-Geerts.webp","type":"image\/webp"}],"author":"beleidsmedewerker","twitter_card":"summary_large_image","twitter_misc":{"Geschreven door":"beleidsmedewerker","Geschatte leestijd":"2 minuten"},"schema":{"@context":"https:\/\/schema.org","@graph":[{"@type":"Article","@id":"https:\/\/netwerkpalliatievezorg.info\/oss-meierijstad-maashorst\/2025\/06\/03\/deel-behandelwensen-in-laatste-levensfase-beter\/#article","isPartOf":{"@id":"https:\/\/netwerkpalliatievezorg.info\/oss-meierijstad-maashorst\/2025\/06\/03\/deel-behandelwensen-in-laatste-levensfase-beter\/"},"author":{"name":"beleidsmedewerker","@id":"https:\/\/netwerkpalliatievezorg.info\/oss-meierijstad-maashorst\/#\/schema\/person\/782218f1a4751dc6abb95ce3e893c79f"},"headline":"Resultaten van onderzoek naar informatiebehoefte over palliatieve zorg of laatste levensfase","datePublished":"2025-06-03T14:32:45+00:00","dateModified":"2025-06-03T14:37:26+00:00","mainEntityOfPage":{"@id":"https:\/\/netwerkpalliatievezorg.info\/oss-meierijstad-maashorst\/2025\/06\/03\/deel-behandelwensen-in-laatste-levensfase-beter\/"},"wordCount":11,"commentCount":0,"image":{"@id":"https:\/\/netwerkpalliatievezorg.info\/oss-meierijstad-maashorst\/2025\/06\/03\/deel-behandelwensen-in-laatste-levensfase-beter\/#primaryimage"},"thumbnailUrl":"https:\/\/netwerkpalliatievezorg.info\/oss-meierijstad-maashorst\/wp-content\/uploads\/sites\/2\/2025\/06\/Levenseinde-Pim-Geerts.webp","articleSection":["Onderzoek"],"inLanguage":"nl-NL","potentialAction":[{"@type":"CommentAction","name":"Comment","target":["https:\/\/netwerkpalliatievezorg.info\/oss-meierijstad-maashorst\/2025\/06\/03\/deel-behandelwensen-in-laatste-levensfase-beter\/#respond"]}]},{"@type":"WebPage","@id":"https:\/\/netwerkpalliatievezorg.info\/oss-meierijstad-maashorst\/2025\/06\/03\/deel-behandelwensen-in-laatste-levensfase-beter\/","url":"https:\/\/netwerkpalliatievezorg.info\/oss-meierijstad-maashorst\/2025\/06\/03\/deel-behandelwensen-in-laatste-levensfase-beter\/","name":"Resultaten van onderzoek naar informatiebehoefte over palliatieve zorg of laatste levensfase - Oss Meierijstad Maashorst","isPartOf":{"@id":"https:\/\/netwerkpalliatievezorg.info\/oss-meierijstad-maashorst\/#website"},"primaryImageOfPage":{"@id":"https:\/\/netwerkpalliatievezorg.info\/oss-meierijstad-maashorst\/2025\/06\/03\/deel-behandelwensen-in-laatste-levensfase-beter\/#primaryimage"},"image":{"@id":"https:\/\/netwerkpalliatievezorg.info\/oss-meierijstad-maashorst\/2025\/06\/03\/deel-behandelwensen-in-laatste-levensfase-beter\/#primaryimage"},"thumbnailUrl":"https:\/\/netwerkpalliatievezorg.info\/oss-meierijstad-maashorst\/wp-content\/uploads\/sites\/2\/2025\/06\/Levenseinde-Pim-Geerts.webp","datePublished":"2025-06-03T14:32:45+00:00","dateModified":"2025-06-03T14:37:26+00:00","author":{"@id":"https:\/\/netwerkpalliatievezorg.info\/oss-meierijstad-maashorst\/#\/schema\/person\/782218f1a4751dc6abb95ce3e893c79f"},"breadcrumb":{"@id":"https:\/\/netwerkpalliatievezorg.info\/oss-meierijstad-maashorst\/2025\/06\/03\/deel-behandelwensen-in-laatste-levensfase-beter\/#breadcrumb"},"inLanguage":"nl-NL","potentialAction":[{"@type":"ReadAction","target":["https:\/\/netwerkpalliatievezorg.info\/oss-meierijstad-maashorst\/2025\/06\/03\/deel-behandelwensen-in-laatste-levensfase-beter\/"]}]},{"@type":"ImageObject","inLanguage":"nl-NL","@id":"https:\/\/netwerkpalliatievezorg.info\/oss-meierijstad-maashorst\/2025\/06\/03\/deel-behandelwensen-in-laatste-levensfase-beter\/#primaryimage","url":"https:\/\/netwerkpalliatievezorg.info\/oss-meierijstad-maashorst\/wp-content\/uploads\/sites\/2\/2025\/06\/Levenseinde-Pim-Geerts.webp","contentUrl":"https:\/\/netwerkpalliatievezorg.info\/oss-meierijstad-maashorst\/wp-content\/uploads\/sites\/2\/2025\/06\/Levenseinde-Pim-Geerts.webp","width":800,"height":533},{"@type":"BreadcrumbList","@id":"https:\/\/netwerkpalliatievezorg.info\/oss-meierijstad-maashorst\/2025\/06\/03\/deel-behandelwensen-in-laatste-levensfase-beter\/#breadcrumb","itemListElement":[{"@type":"ListItem","position":1,"name":"Home","item":"https:\/\/netwerkpalliatievezorg.info\/oss-meierijstad-maashorst\/"},{"@type":"ListItem","position":2,"name":"Resultaten van onderzoek naar informatiebehoefte over palliatieve zorg of laatste levensfase"}]},{"@type":"WebSite","@id":"https:\/\/netwerkpalliatievezorg.info\/oss-meierijstad-maashorst\/#website","url":"https:\/\/netwerkpalliatievezorg.info\/oss-meierijstad-maashorst\/","name":"Oss Meierijstad Maashorst","description":"Een andere Netwerk Palliatieve Zorg sites site","potentialAction":[{"@type":"SearchAction","target":{"@type":"EntryPoint","urlTemplate":"https:\/\/netwerkpalliatievezorg.info\/oss-meierijstad-maashorst\/?s={search_term_string}"},"query-input":{"@type":"PropertyValueSpecification","valueRequired":true,"valueName":"search_term_string"}}],"inLanguage":"nl-NL"},{"@type":"Person","@id":"https:\/\/netwerkpalliatievezorg.info\/oss-meierijstad-maashorst\/#\/schema\/person\/782218f1a4751dc6abb95ce3e893c79f","name":"beleidsmedewerker","image":{"@type":"ImageObject","inLanguage":"nl-NL","@id":"https:\/\/netwerkpalliatievezorg.info\/oss-meierijstad-maashorst\/#\/schema\/person\/image\/","url":"https:\/\/secure.gravatar.com\/avatar\/466158aa8e12522070d784517b57b854253f18f7a9353498c65649bd65fcbf70?s=96&d=mm&r=g","contentUrl":"https:\/\/secure.gravatar.com\/avatar\/466158aa8e12522070d784517b57b854253f18f7a9353498c65649bd65fcbf70?s=96&d=mm&r=g","caption":"beleidsmedewerker"},"url":"https:\/\/netwerkpalliatievezorg.info\/oss-meierijstad-maashorst\/author\/beleidsmedewerker\/"}]}},"_links":{"self":[{"href":"https:\/\/netwerkpalliatievezorg.info\/oss-meierijstad-maashorst\/wp-json\/wp\/v2\/posts\/2496","targetHints":{"allow":["GET"]}}],"collection":[{"href":"https:\/\/netwerkpalliatievezorg.info\/oss-meierijstad-maashorst\/wp-json\/wp\/v2\/posts"}],"about":[{"href":"https:\/\/netwerkpalliatievezorg.info\/oss-meierijstad-maashorst\/wp-json\/wp\/v2\/types\/post"}],"author":[{"embeddable":true,"href":"https:\/\/netwerkpalliatievezorg.info\/oss-meierijstad-maashorst\/wp-json\/wp\/v2\/users\/7"}],"replies":[{"embeddable":true,"href":"https:\/\/netwerkpalliatievezorg.info\/oss-meierijstad-maashorst\/wp-json\/wp\/v2\/comments?post=2496"}],"version-history":[{"count":4,"href":"https:\/\/netwerkpalliatievezorg.info\/oss-meierijstad-maashorst\/wp-json\/wp\/v2\/posts\/2496\/revisions"}],"predecessor-version":[{"id":2501,"href":"https:\/\/netwerkpalliatievezorg.info\/oss-meierijstad-maashorst\/wp-json\/wp\/v2\/posts\/2496\/revisions\/2501"}],"wp:featuredmedia":[{"embeddable":true,"href":"https:\/\/netwerkpalliatievezorg.info\/oss-meierijstad-maashorst\/wp-json\/wp\/v2\/media\/2499"}],"wp:attachment":[{"href":"https:\/\/netwerkpalliatievezorg.info\/oss-meierijstad-maashorst\/wp-json\/wp\/v2\/media?parent=2496"}],"wp:term":[{"taxonomy":"category","embeddable":true,"href":"https:\/\/netwerkpalliatievezorg.info\/oss-meierijstad-maashorst\/wp-json\/wp\/v2\/categories?post=2496"},{"taxonomy":"post_tag","embeddable":true,"href":"https:\/\/netwerkpalliatievezorg.info\/oss-meierijstad-maashorst\/wp-json\/wp\/v2\/tags?post=2496"}],"curies":[{"name":"wp","href":"https:\/\/api.w.org\/{rel}","templated":true}]}}