{"id":2339,"date":"2025-01-13T09:16:41","date_gmt":"2025-01-13T08:16:41","guid":{"rendered":"https:\/\/netwerkpalliatievezorg.info\/oss-meierijstad-maashorst\/?p=2339"},"modified":"2025-01-13T09:16:41","modified_gmt":"2025-01-13T08:16:41","slug":"rapport-palliatieve-zorg-in-2050","status":"publish","type":"post","link":"https:\/\/netwerkpalliatievezorg.info\/oss-meierijstad-maashorst\/2025\/01\/13\/rapport-palliatieve-zorg-in-2050\/","title":{"rendered":"Rapport palliatieve zorg in 2050"},"content":{"rendered":"<section id=section-block-block_9cb1c077076e7257eae4ee9e622bf59d class=\"section block_content\" itemscope itemtype=\"http:\/\/schema.org\/WebPageElement\" itemprop=\"hasPart\"><div class=\"container\"><div class=\"block-row blocks-in-row-1\"><div class=\"block content-block\" itemscope itemtype=\"http:\/\/schema.org\/WebPageElement\" itemprop=\"isPartOf\"><div class=\"inner-wrapper\"><div itemprop=\"text\" class=\"content-wrapper\"><p>Het RIVM heeft onderzocht welke ontwikkelingen de meeste invloed hebben op de palliatieve zorg in 2050. Dat zijn de vergrijzing, toenemende personeelstekorten, digitalisering en andere technologische vernieuwing in de zorg, en de groeiende diversiteit in de samenleving. Op basis daarvan beschreef het RIVM drie mogelijke scenario\u2019s waarin \u00f3f de gemeenschap, \u00f3f het individu, \u00f3f de professional centraal staat.<\/p>\n<p>Lees het hele rapport \u00a0<a href=\"https:\/\/www.rivm.nl\/publicaties\/palliatieve-zorg-in-2050-drie-toekomstscenarios\">https:\/\/www.rivm.nl\/publicaties\/palliatieve-zorg-in-2050-drie-toekomstscenarios<\/a><\/p>\n<\/div><\/div><\/div><\/div><\/div><\/section>","protected":false},"excerpt":{"rendered":"","protected":false},"author":7,"featured_media":2345,"comment_status":"open","ping_status":"open","sticky":false,"template":"","format":"standard","meta":{"_acf_changed":false,"footnotes":"","_wp_rev_ctl_limit":""},"categories":[18],"tags":[],"class_list":["post-2339","post","type-post","status-publish","format-standard","has-post-thumbnail","hentry","category-onderzoek"],"acf":[],"yoast_head":"<!-- This site is optimized with the Yoast SEO plugin v27.1.1 - https:\/\/yoast.com\/product\/yoast-seo-wordpress\/ -->\n<title>Rapport palliatieve zorg in 2050 - Oss Meierijstad Maashorst<\/title>\n<meta name=\"robots\" content=\"index, follow, max-snippet:-1, max-image-preview:large, max-video-preview:-1\" \/>\n<link rel=\"canonical\" href=\"https:\/\/netwerkpalliatievezorg.info\/oss-meierijstad-maashorst\/2025\/01\/13\/rapport-palliatieve-zorg-in-2050\/\" \/>\n<meta property=\"og:locale\" content=\"nl_NL\" \/>\n<meta property=\"og:type\" content=\"article\" \/>\n<meta property=\"og:title\" content=\"Rapport palliatieve zorg in 2050 - Oss Meierijstad Maashorst\" \/>\n<meta property=\"og:url\" content=\"https:\/\/netwerkpalliatievezorg.info\/oss-meierijstad-maashorst\/2025\/01\/13\/rapport-palliatieve-zorg-in-2050\/\" \/>\n<meta property=\"og:site_name\" content=\"Oss Meierijstad Maashorst\" \/>\n<meta property=\"article:published_time\" content=\"2025-01-13T08:16:41+00:00\" \/>\n<meta property=\"og:image\" content=\"https:\/\/netwerkpalliatievezorg.info\/oss-meierijstad-maashorst\/wp-content\/uploads\/sites\/2\/2025\/01\/rivm.jpg\" \/>\n\t<meta property=\"og:image:width\" content=\"770\" \/>\n\t<meta property=\"og:image:height\" content=\"450\" \/>\n\t<meta property=\"og:image:type\" content=\"image\/jpeg\" \/>\n<meta name=\"author\" content=\"beleidsmedewerker\" \/>\n<meta name=\"twitter:card\" content=\"summary_large_image\" \/>\n<meta name=\"twitter:label1\" content=\"Geschreven door\" \/>\n\t<meta name=\"twitter:data1\" content=\"beleidsmedewerker\" \/>\n<script type=\"application\/ld+json\" class=\"yoast-schema-graph\">{\"@context\":\"https:\/\/schema.org\",\"@graph\":[{\"@type\":\"Article\",\"@id\":\"https:\/\/netwerkpalliatievezorg.info\/oss-meierijstad-maashorst\/2025\/01\/13\/rapport-palliatieve-zorg-in-2050\/#article\",\"isPartOf\":{\"@id\":\"https:\/\/netwerkpalliatievezorg.info\/oss-meierijstad-maashorst\/2025\/01\/13\/rapport-palliatieve-zorg-in-2050\/\"},\"author\":{\"name\":\"beleidsmedewerker\",\"@id\":\"https:\/\/netwerkpalliatievezorg.info\/oss-meierijstad-maashorst\/#\/schema\/person\/782218f1a4751dc6abb95ce3e893c79f\"},\"headline\":\"Rapport palliatieve zorg in 2050\",\"datePublished\":\"2025-01-13T08:16:41+00:00\",\"mainEntityOfPage\":{\"@id\":\"https:\/\/netwerkpalliatievezorg.info\/oss-meierijstad-maashorst\/2025\/01\/13\/rapport-palliatieve-zorg-in-2050\/\"},\"wordCount\":4,\"commentCount\":0,\"image\":{\"@id\":\"https:\/\/netwerkpalliatievezorg.info\/oss-meierijstad-maashorst\/2025\/01\/13\/rapport-palliatieve-zorg-in-2050\/#primaryimage\"},\"thumbnailUrl\":\"https:\/\/netwerkpalliatievezorg.info\/oss-meierijstad-maashorst\/wp-content\/uploads\/sites\/2\/2025\/01\/rivm.jpg\",\"articleSection\":[\"Onderzoek\"],\"inLanguage\":\"nl-NL\",\"potentialAction\":[{\"@type\":\"CommentAction\",\"name\":\"Comment\",\"target\":[\"https:\/\/netwerkpalliatievezorg.info\/oss-meierijstad-maashorst\/2025\/01\/13\/rapport-palliatieve-zorg-in-2050\/#respond\"]}]},{\"@type\":\"WebPage\",\"@id\":\"https:\/\/netwerkpalliatievezorg.info\/oss-meierijstad-maashorst\/2025\/01\/13\/rapport-palliatieve-zorg-in-2050\/\",\"url\":\"https:\/\/netwerkpalliatievezorg.info\/oss-meierijstad-maashorst\/2025\/01\/13\/rapport-palliatieve-zorg-in-2050\/\",\"name\":\"Rapport palliatieve zorg in 2050 - Oss Meierijstad Maashorst\",\"isPartOf\":{\"@id\":\"https:\/\/netwerkpalliatievezorg.info\/oss-meierijstad-maashorst\/#website\"},\"primaryImageOfPage\":{\"@id\":\"https:\/\/netwerkpalliatievezorg.info\/oss-meierijstad-maashorst\/2025\/01\/13\/rapport-palliatieve-zorg-in-2050\/#primaryimage\"},\"image\":{\"@id\":\"https:\/\/netwerkpalliatievezorg.info\/oss-meierijstad-maashorst\/2025\/01\/13\/rapport-palliatieve-zorg-in-2050\/#primaryimage\"},\"thumbnailUrl\":\"https:\/\/netwerkpalliatievezorg.info\/oss-meierijstad-maashorst\/wp-content\/uploads\/sites\/2\/2025\/01\/rivm.jpg\",\"datePublished\":\"2025-01-13T08:16:41+00:00\",\"author\":{\"@id\":\"https:\/\/netwerkpalliatievezorg.info\/oss-meierijstad-maashorst\/#\/schema\/person\/782218f1a4751dc6abb95ce3e893c79f\"},\"breadcrumb\":{\"@id\":\"https:\/\/netwerkpalliatievezorg.info\/oss-meierijstad-maashorst\/2025\/01\/13\/rapport-palliatieve-zorg-in-2050\/#breadcrumb\"},\"inLanguage\":\"nl-NL\",\"potentialAction\":[{\"@type\":\"ReadAction\",\"target\":[\"https:\/\/netwerkpalliatievezorg.info\/oss-meierijstad-maashorst\/2025\/01\/13\/rapport-palliatieve-zorg-in-2050\/\"]}]},{\"@type\":\"ImageObject\",\"inLanguage\":\"nl-NL\",\"@id\":\"https:\/\/netwerkpalliatievezorg.info\/oss-meierijstad-maashorst\/2025\/01\/13\/rapport-palliatieve-zorg-in-2050\/#primaryimage\",\"url\":\"https:\/\/netwerkpalliatievezorg.info\/oss-meierijstad-maashorst\/wp-content\/uploads\/sites\/2\/2025\/01\/rivm.jpg\",\"contentUrl\":\"https:\/\/netwerkpalliatievezorg.info\/oss-meierijstad-maashorst\/wp-content\/uploads\/sites\/2\/2025\/01\/rivm.jpg\",\"width\":770,\"height\":450},{\"@type\":\"BreadcrumbList\",\"@id\":\"https:\/\/netwerkpalliatievezorg.info\/oss-meierijstad-maashorst\/2025\/01\/13\/rapport-palliatieve-zorg-in-2050\/#breadcrumb\",\"itemListElement\":[{\"@type\":\"ListItem\",\"position\":1,\"name\":\"Home\",\"item\":\"https:\/\/netwerkpalliatievezorg.info\/oss-meierijstad-maashorst\/\"},{\"@type\":\"ListItem\",\"position\":2,\"name\":\"Rapport palliatieve zorg in 2050\"}]},{\"@type\":\"WebSite\",\"@id\":\"https:\/\/netwerkpalliatievezorg.info\/oss-meierijstad-maashorst\/#website\",\"url\":\"https:\/\/netwerkpalliatievezorg.info\/oss-meierijstad-maashorst\/\",\"name\":\"Oss Meierijstad Maashorst\",\"description\":\"Een andere Netwerk Palliatieve Zorg sites site\",\"potentialAction\":[{\"@type\":\"SearchAction\",\"target\":{\"@type\":\"EntryPoint\",\"urlTemplate\":\"https:\/\/netwerkpalliatievezorg.info\/oss-meierijstad-maashorst\/?s={search_term_string}\"},\"query-input\":{\"@type\":\"PropertyValueSpecification\",\"valueRequired\":true,\"valueName\":\"search_term_string\"}}],\"inLanguage\":\"nl-NL\"},{\"@type\":\"Person\",\"@id\":\"https:\/\/netwerkpalliatievezorg.info\/oss-meierijstad-maashorst\/#\/schema\/person\/782218f1a4751dc6abb95ce3e893c79f\",\"name\":\"beleidsmedewerker\",\"image\":{\"@type\":\"ImageObject\",\"inLanguage\":\"nl-NL\",\"@id\":\"https:\/\/netwerkpalliatievezorg.info\/oss-meierijstad-maashorst\/#\/schema\/person\/image\/\",\"url\":\"https:\/\/secure.gravatar.com\/avatar\/466158aa8e12522070d784517b57b854253f18f7a9353498c65649bd65fcbf70?s=96&d=mm&r=g\",\"contentUrl\":\"https:\/\/secure.gravatar.com\/avatar\/466158aa8e12522070d784517b57b854253f18f7a9353498c65649bd65fcbf70?s=96&d=mm&r=g\",\"caption\":\"beleidsmedewerker\"},\"url\":\"https:\/\/netwerkpalliatievezorg.info\/oss-meierijstad-maashorst\/author\/beleidsmedewerker\/\"}]}<\/script>\n<!-- \/ Yoast SEO plugin. -->","yoast_head_json":{"title":"Rapport palliatieve zorg in 2050 - Oss Meierijstad Maashorst","robots":{"index":"index","follow":"follow","max-snippet":"max-snippet:-1","max-image-preview":"max-image-preview:large","max-video-preview":"max-video-preview:-1"},"canonical":"https:\/\/netwerkpalliatievezorg.info\/oss-meierijstad-maashorst\/2025\/01\/13\/rapport-palliatieve-zorg-in-2050\/","og_locale":"nl_NL","og_type":"article","og_title":"Rapport palliatieve zorg in 2050 - Oss Meierijstad Maashorst","og_url":"https:\/\/netwerkpalliatievezorg.info\/oss-meierijstad-maashorst\/2025\/01\/13\/rapport-palliatieve-zorg-in-2050\/","og_site_name":"Oss Meierijstad Maashorst","article_published_time":"2025-01-13T08:16:41+00:00","og_image":[{"width":770,"height":450,"url":"https:\/\/netwerkpalliatievezorg.info\/oss-meierijstad-maashorst\/wp-content\/uploads\/sites\/2\/2025\/01\/rivm.jpg","type":"image\/jpeg"}],"author":"beleidsmedewerker","twitter_card":"summary_large_image","twitter_misc":{"Geschreven door":"beleidsmedewerker"},"schema":{"@context":"https:\/\/schema.org","@graph":[{"@type":"Article","@id":"https:\/\/netwerkpalliatievezorg.info\/oss-meierijstad-maashorst\/2025\/01\/13\/rapport-palliatieve-zorg-in-2050\/#article","isPartOf":{"@id":"https:\/\/netwerkpalliatievezorg.info\/oss-meierijstad-maashorst\/2025\/01\/13\/rapport-palliatieve-zorg-in-2050\/"},"author":{"name":"beleidsmedewerker","@id":"https:\/\/netwerkpalliatievezorg.info\/oss-meierijstad-maashorst\/#\/schema\/person\/782218f1a4751dc6abb95ce3e893c79f"},"headline":"Rapport palliatieve zorg in 2050","datePublished":"2025-01-13T08:16:41+00:00","mainEntityOfPage":{"@id":"https:\/\/netwerkpalliatievezorg.info\/oss-meierijstad-maashorst\/2025\/01\/13\/rapport-palliatieve-zorg-in-2050\/"},"wordCount":4,"commentCount":0,"image":{"@id":"https:\/\/netwerkpalliatievezorg.info\/oss-meierijstad-maashorst\/2025\/01\/13\/rapport-palliatieve-zorg-in-2050\/#primaryimage"},"thumbnailUrl":"https:\/\/netwerkpalliatievezorg.info\/oss-meierijstad-maashorst\/wp-content\/uploads\/sites\/2\/2025\/01\/rivm.jpg","articleSection":["Onderzoek"],"inLanguage":"nl-NL","potentialAction":[{"@type":"CommentAction","name":"Comment","target":["https:\/\/netwerkpalliatievezorg.info\/oss-meierijstad-maashorst\/2025\/01\/13\/rapport-palliatieve-zorg-in-2050\/#respond"]}]},{"@type":"WebPage","@id":"https:\/\/netwerkpalliatievezorg.info\/oss-meierijstad-maashorst\/2025\/01\/13\/rapport-palliatieve-zorg-in-2050\/","url":"https:\/\/netwerkpalliatievezorg.info\/oss-meierijstad-maashorst\/2025\/01\/13\/rapport-palliatieve-zorg-in-2050\/","name":"Rapport palliatieve zorg in 2050 - Oss Meierijstad Maashorst","isPartOf":{"@id":"https:\/\/netwerkpalliatievezorg.info\/oss-meierijstad-maashorst\/#website"},"primaryImageOfPage":{"@id":"https:\/\/netwerkpalliatievezorg.info\/oss-meierijstad-maashorst\/2025\/01\/13\/rapport-palliatieve-zorg-in-2050\/#primaryimage"},"image":{"@id":"https:\/\/netwerkpalliatievezorg.info\/oss-meierijstad-maashorst\/2025\/01\/13\/rapport-palliatieve-zorg-in-2050\/#primaryimage"},"thumbnailUrl":"https:\/\/netwerkpalliatievezorg.info\/oss-meierijstad-maashorst\/wp-content\/uploads\/sites\/2\/2025\/01\/rivm.jpg","datePublished":"2025-01-13T08:16:41+00:00","author":{"@id":"https:\/\/netwerkpalliatievezorg.info\/oss-meierijstad-maashorst\/#\/schema\/person\/782218f1a4751dc6abb95ce3e893c79f"},"breadcrumb":{"@id":"https:\/\/netwerkpalliatievezorg.info\/oss-meierijstad-maashorst\/2025\/01\/13\/rapport-palliatieve-zorg-in-2050\/#breadcrumb"},"inLanguage":"nl-NL","potentialAction":[{"@type":"ReadAction","target":["https:\/\/netwerkpalliatievezorg.info\/oss-meierijstad-maashorst\/2025\/01\/13\/rapport-palliatieve-zorg-in-2050\/"]}]},{"@type":"ImageObject","inLanguage":"nl-NL","@id":"https:\/\/netwerkpalliatievezorg.info\/oss-meierijstad-maashorst\/2025\/01\/13\/rapport-palliatieve-zorg-in-2050\/#primaryimage","url":"https:\/\/netwerkpalliatievezorg.info\/oss-meierijstad-maashorst\/wp-content\/uploads\/sites\/2\/2025\/01\/rivm.jpg","contentUrl":"https:\/\/netwerkpalliatievezorg.info\/oss-meierijstad-maashorst\/wp-content\/uploads\/sites\/2\/2025\/01\/rivm.jpg","width":770,"height":450},{"@type":"BreadcrumbList","@id":"https:\/\/netwerkpalliatievezorg.info\/oss-meierijstad-maashorst\/2025\/01\/13\/rapport-palliatieve-zorg-in-2050\/#breadcrumb","itemListElement":[{"@type":"ListItem","position":1,"name":"Home","item":"https:\/\/netwerkpalliatievezorg.info\/oss-meierijstad-maashorst\/"},{"@type":"ListItem","position":2,"name":"Rapport palliatieve zorg in 2050"}]},{"@type":"WebSite","@id":"https:\/\/netwerkpalliatievezorg.info\/oss-meierijstad-maashorst\/#website","url":"https:\/\/netwerkpalliatievezorg.info\/oss-meierijstad-maashorst\/","name":"Oss Meierijstad Maashorst","description":"Een andere Netwerk Palliatieve Zorg sites site","potentialAction":[{"@type":"SearchAction","target":{"@type":"EntryPoint","urlTemplate":"https:\/\/netwerkpalliatievezorg.info\/oss-meierijstad-maashorst\/?s={search_term_string}"},"query-input":{"@type":"PropertyValueSpecification","valueRequired":true,"valueName":"search_term_string"}}],"inLanguage":"nl-NL"},{"@type":"Person","@id":"https:\/\/netwerkpalliatievezorg.info\/oss-meierijstad-maashorst\/#\/schema\/person\/782218f1a4751dc6abb95ce3e893c79f","name":"beleidsmedewerker","image":{"@type":"ImageObject","inLanguage":"nl-NL","@id":"https:\/\/netwerkpalliatievezorg.info\/oss-meierijstad-maashorst\/#\/schema\/person\/image\/","url":"https:\/\/secure.gravatar.com\/avatar\/466158aa8e12522070d784517b57b854253f18f7a9353498c65649bd65fcbf70?s=96&d=mm&r=g","contentUrl":"https:\/\/secure.gravatar.com\/avatar\/466158aa8e12522070d784517b57b854253f18f7a9353498c65649bd65fcbf70?s=96&d=mm&r=g","caption":"beleidsmedewerker"},"url":"https:\/\/netwerkpalliatievezorg.info\/oss-meierijstad-maashorst\/author\/beleidsmedewerker\/"}]}},"_links":{"self":[{"href":"https:\/\/netwerkpalliatievezorg.info\/oss-meierijstad-maashorst\/wp-json\/wp\/v2\/posts\/2339","targetHints":{"allow":["GET"]}}],"collection":[{"href":"https:\/\/netwerkpalliatievezorg.info\/oss-meierijstad-maashorst\/wp-json\/wp\/v2\/posts"}],"about":[{"href":"https:\/\/netwerkpalliatievezorg.info\/oss-meierijstad-maashorst\/wp-json\/wp\/v2\/types\/post"}],"author":[{"embeddable":true,"href":"https:\/\/netwerkpalliatievezorg.info\/oss-meierijstad-maashorst\/wp-json\/wp\/v2\/users\/7"}],"replies":[{"embeddable":true,"href":"https:\/\/netwerkpalliatievezorg.info\/oss-meierijstad-maashorst\/wp-json\/wp\/v2\/comments?post=2339"}],"version-history":[{"count":8,"href":"https:\/\/netwerkpalliatievezorg.info\/oss-meierijstad-maashorst\/wp-json\/wp\/v2\/posts\/2339\/revisions"}],"predecessor-version":[{"id":2348,"href":"https:\/\/netwerkpalliatievezorg.info\/oss-meierijstad-maashorst\/wp-json\/wp\/v2\/posts\/2339\/revisions\/2348"}],"wp:featuredmedia":[{"embeddable":true,"href":"https:\/\/netwerkpalliatievezorg.info\/oss-meierijstad-maashorst\/wp-json\/wp\/v2\/media\/2345"}],"wp:attachment":[{"href":"https:\/\/netwerkpalliatievezorg.info\/oss-meierijstad-maashorst\/wp-json\/wp\/v2\/media?parent=2339"}],"wp:term":[{"taxonomy":"category","embeddable":true,"href":"https:\/\/netwerkpalliatievezorg.info\/oss-meierijstad-maashorst\/wp-json\/wp\/v2\/categories?post=2339"},{"taxonomy":"post_tag","embeddable":true,"href":"https:\/\/netwerkpalliatievezorg.info\/oss-meierijstad-maashorst\/wp-json\/wp\/v2\/tags?post=2339"}],"curies":[{"name":"wp","href":"https:\/\/api.w.org\/{rel}","templated":true}]}}